{"id":3410,"date":"2022-09-17T15:08:34","date_gmt":"2022-09-17T13:08:34","guid":{"rendered":"https:\/\/digiworldinstitute.com\/?p=3410"},"modified":"2023-10-10T12:06:58","modified_gmt":"2023-10-10T10:06:58","slug":"nathalie-gaillard-5g-levier-de-la-reindustrialisation-francaise-et-europeenne","status":"publish","type":"post","link":"https:\/\/digiworldinstitute.com\/en\/nathalie-gaillard-5g-levier-de-la-reindustrialisation-francaise-et-europeenne\/","title":{"rendered":"5G &#8211; Levier de la r\u00e9industrialisation fran\u00e7aise et europ\u00e9enne"},"content":{"rendered":"<div style=\"padding: 56.25% 0 0 0; position: relative;\"><iframe style=\"position: absolute; top: 0; left: 0; width: 100%; height: 100%;\" title=\"Pr\u00e9sentation d\u00b4InfraNum \u2013 Philippe Le Grand, Pr\u00e9sident\" data-src=\"https:\/\/player.vimeo.com\/video\/777858219?h=54955bf9ed?h=71c261ee55&amp;badge=0&amp;autopause=0&amp;player_id=0&amp;app_id=58479\" frameborder=\"0\" allowfullscreen=\"allowfullscreen\" src=\"data:image\/gif;base64,R0lGODlhAQABAAAAACH5BAEKAAEALAAAAAABAAEAAAICTAEAOw==\" class=\"lazyload\" data-load-mode=\"1\"><\/iframe><\/div>\n<p><script src=\"https:\/\/player.vimeo.com\/api\/player.js\"><\/script><\/p>\n","protected":false},"excerpt":{"rendered":"","protected":false},"author":7,"featured_media":2099,"comment_status":"open","ping_status":"open","sticky":false,"template":"","format":"standard","meta":{"_acf_changed":false,"_uag_custom_page_level_css":"","footnotes":""},"categories":[27],"tags":[132],"class_list":["post-3410","post","type-post","status-publish","format-standard","has-post-thumbnail","hentry","category-rapports","tag-denis-larghero"],"acf":[],"uagb_featured_image_src":{"full":["https:\/\/digiworldinstitute.com\/wp-content\/uploads\/2022\/12\/5G-Levier-de-la-reindustrialisation-francaise-et-europeenne.s-1.png",1000,519,false],"thumbnail":["https:\/\/digiworldinstitute.com\/wp-content\/uploads\/2022\/12\/5G-Levier-de-la-reindustrialisation-francaise-et-europeenne.s-1-150x150.png",150,150,true],"medium":["https:\/\/digiworldinstitute.com\/wp-content\/uploads\/2022\/12\/5G-Levier-de-la-reindustrialisation-francaise-et-europeenne.s-1-300x156.png",300,156,true],"medium_large":["https:\/\/digiworldinstitute.com\/wp-content\/uploads\/2022\/12\/5G-Levier-de-la-reindustrialisation-francaise-et-europeenne.s-1-768x399.png",640,333,true],"large":["https:\/\/digiworldinstitute.com\/wp-content\/uploads\/2022\/12\/5G-Levier-de-la-reindustrialisation-francaise-et-europeenne.s-1.png",640,332,false],"1536x1536":["https:\/\/digiworldinstitute.com\/wp-content\/uploads\/2022\/12\/5G-Levier-de-la-reindustrialisation-francaise-et-europeenne.s-1.png",1000,519,false],"2048x2048":["https:\/\/digiworldinstitute.com\/wp-content\/uploads\/2022\/12\/5G-Levier-de-la-reindustrialisation-francaise-et-europeenne.s-1.png",1000,519,false],"home-news":["https:\/\/digiworldinstitute.com\/wp-content\/uploads\/2022\/12\/5G-Levier-de-la-reindustrialisation-francaise-et-europeenne.s-1-430x242.png",430,242,true],"event-list":["https:\/\/digiworldinstitute.com\/wp-content\/uploads\/2022\/12\/5G-Levier-de-la-reindustrialisation-francaise-et-europeenne.s-1.png",260,135,false]},"uagb_author_info":{"display_name":"j.fahy@digiworldinstitute.org","author_link":"https:\/\/digiworldinstitute.com\/en\/author\/j-fahydigiworldinstitute-org\/"},"uagb_comment_info":0,"uagb_excerpt":null,"post_mailing_queue_ids":[],"_links":{"self":[{"href":"https:\/\/digiworldinstitute.com\/en\/wp-json\/wp\/v2\/posts\/3410","targetHints":{"allow":["GET"]}}],"collection":[{"href":"https:\/\/digiworldinstitute.com\/en\/wp-json\/wp\/v2\/posts"}],"about":[{"href":"https:\/\/digiworldinstitute.com\/en\/wp-json\/wp\/v2\/types\/post"}],"author":[{"embeddable":true,"href":"https:\/\/digiworldinstitute.com\/en\/wp-json\/wp\/v2\/users\/7"}],"replies":[{"embeddable":true,"href":"https:\/\/digiworldinstitute.com\/en\/wp-json\/wp\/v2\/comments?post=3410"}],"version-history":[{"count":6,"href":"https:\/\/digiworldinstitute.com\/en\/wp-json\/wp\/v2\/posts\/3410\/revisions"}],"predecessor-version":[{"id":3462,"href":"https:\/\/digiworldinstitute.com\/en\/wp-json\/wp\/v2\/posts\/3410\/revisions\/3462"}],"wp:featuredmedia":[{"embeddable":true,"href":"https:\/\/digiworldinstitute.com\/en\/wp-json\/wp\/v2\/media\/2099"}],"wp:attachment":[{"href":"https:\/\/digiworldinstitute.com\/en\/wp-json\/wp\/v2\/media?parent=3410"}],"wp:term":[{"taxonomy":"category","embeddable":true,"href":"https:\/\/digiworldinstitute.com\/en\/wp-json\/wp\/v2\/categories?post=3410"},{"taxonomy":"post_tag","embeddable":true,"href":"https:\/\/digiworldinstitute.com\/en\/wp-json\/wp\/v2\/tags?post=3410"}],"curies":[{"name":"wp","href":"https:\/\/api.w.org\/{rel}","templated":true}]}}