{"id":3184,"date":"2023-06-30T10:28:30","date_gmt":"2023-06-30T08:28:30","guid":{"rendered":"https:\/\/digiworldinstitute.com\/?p=3184"},"modified":"2023-07-05T11:38:29","modified_gmt":"2023-07-05T09:38:29","slug":"learning-expedition-grand-est-partez-a-la-decouverte-de-lindustrie-europeenne-du-futur-avec-le-digiworld-institute","status":"publish","type":"post","link":"https:\/\/digiworldinstitute.com\/en\/learning-expedition-grand-est-partez-a-la-decouverte-de-lindustrie-europeenne-du-futur-avec-le-digiworld-institute\/","title":{"rendered":"Learning Expedition Grand Est : Partez \u00e0 la d\u00e9couverte de l\u2019industrie europ\u00e9enne du futur avec le Digiworld Institute !"},"content":{"rendered":"<p>Jeudi 6 juillet, le Digiworld Institute vous donne<a href=\"https:\/\/digiworldinstitute.com\/events\/learning-expedition-grand-est-industrie-5-0-construire-lindustrie-europeenne-du-futur-grace-aux-technologies-numeriques\/\"> <span style=\"color: #0041ce;\">rendez-vous \u00e0 Strasbourg \u00e0 la d\u00e9couverte de l\u2019industrie du futur<\/span><\/a>.<\/p>\n<p>Une journ\u00e9e unique avec de nombreux acteurs du num\u00e9rique, de l\u2019industrie, des parlementaires fran\u00e7ais et europ\u00e9ens, des \u00e9lus territoriaux\u2026 \u00e0 la hauteur de l\u2019enjeu majeur de la r\u00e9industrialisation pour la comp\u00e9titivit\u00e9 fran\u00e7aise et europ\u00e9enne, au c\u0153ur du plan France 2030.<br \/>\nAvec : la R\u00e9gion Grand Est, Grand E-Nov+, la Banque des Territoires, Orange, le Groupe Cr\u00e9dit Agricole, Huawei, Inetum\u2026<\/p>\n<p><strong>Au programme :<\/strong><\/p>\n<p>Une matin\u00e9e au si\u00e8ge de la R\u00e9gion Grand Est \u00e0 Strasbourg, riche en \u00e9changes et t\u00e9moignages autour des d\u00e9fis de la r\u00e9industrialisation, du r\u00f4le des technologies dans la modernisation du syst\u00e8me productif, des enjeux pour les territoires, la France et l\u2019Europe\u2026 &gt;<\/p>\n<p><a href=\"https:\/\/digiworldinstitute.com\/events\/learning-expedition-grand-est-industrie-5-0-construire-lindustrie-europeenne-du-futur-grace-aux-technologies-numeriques\/\"><strong><span style=\"color: #0041ce;\">Tous les d\u00e9tails de l&#8217;\u00e9v\u00e8nement ici !<\/span><\/strong><\/a><\/p>\n<h3><strong>Dans l\u2019apr\u00e8s-midi, la visite de l\u2019usine 4.0 de SEW Usocome, labelis\u00e9e Vitrine Industrie du futur, \u00e0 Brumath\u00a0 &gt;\u00a0 vid\u00e9o ci-dessous<\/strong> :<\/h3>\n<p>&nbsp;<\/p>\n<div style=\"padding: 56.25% 0 0 0; position: relative;\"><iframe style=\"position: absolute; top: 0; left: 0; width: 100%; height: 100%;\" title=\"Pr\u00e9sentation d\u00b4InfraNum \u2013 Philippe Le Grand, Pr\u00e9sident\" data-src=\"https:\/\/player.vimeo.com\/video\/841135570?h=54955bf9ed?h=71c261ee55&amp;badge=0&amp;autopause=0&amp;player_id=0&amp;app_id=58479\" frameborder=\"0\" allowfullscreen=\"allowfullscreen\" src=\"data:image\/gif;base64,R0lGODlhAQABAAAAACH5BAEKAAEALAAAAAABAAEAAAICTAEAOw==\" class=\"lazyload\" data-load-mode=\"1\"><span data-mce-type=\"bookmark\" style=\"display: inline-block; width: 0px; overflow: hidden; line-height: 0;\" class=\"mce_SELRES_start\">\ufeff<\/span><\/iframe><\/div>\n<p><script src=\"https:\/\/player.vimeo.com\/api\/player.js\"><\/script><\/p>\n","protected":false},"excerpt":{"rendered":"<p>Jeudi 6 juillet, le Digiworld Institute vous donne rendez-vous \u00e0 Strasbourg \u00e0 la d\u00e9couverte de l\u2019industrie du futur. Une journ\u00e9e unique avec de nombreux acteurs du num\u00e9rique, de l\u2019industrie, des parlementaires fran\u00e7ais et europ\u00e9ens, des \u00e9lus territoriaux\u2026 \u00e0 la hauteur de l\u2019enjeu majeur de la r\u00e9industrialisation pour la comp\u00e9titivit\u00e9 fran\u00e7aise et europ\u00e9enne, au c\u0153ur du [&hellip;]<\/p>\n","protected":false},"author":7,"featured_media":3186,"comment_status":"open","ping_status":"open","sticky":false,"template":"","format":"standard","meta":{"_acf_changed":false,"_uag_custom_page_level_css":"","footnotes":""},"categories":[26],"tags":[],"class_list":["post-3184","post","type-post","status-publish","format-standard","has-post-thumbnail","hentry","category-evenement"],"acf":[],"uagb_featured_image_src":{"full":["https:\/\/digiworldinstitute.com\/wp-content\/uploads\/2023\/06\/usine-SEW-Usocome.jpg",1842,714,false],"thumbnail":["https:\/\/digiworldinstitute.com\/wp-content\/uploads\/2023\/06\/usine-SEW-Usocome-150x150.jpg",150,150,true],"medium":["https:\/\/digiworldinstitute.com\/wp-content\/uploads\/2023\/06\/usine-SEW-Usocome-300x116.jpg",300,116,true],"medium_large":["https:\/\/digiworldinstitute.com\/wp-content\/uploads\/2023\/06\/usine-SEW-Usocome-768x298.jpg",640,248,true],"large":["https:\/\/digiworldinstitute.com\/wp-content\/uploads\/2023\/06\/usine-SEW-Usocome-1024x397.jpg",640,248,true],"1536x1536":["https:\/\/digiworldinstitute.com\/wp-content\/uploads\/2023\/06\/usine-SEW-Usocome-1536x595.jpg",1536,595,true],"2048x2048":["https:\/\/digiworldinstitute.com\/wp-content\/uploads\/2023\/06\/usine-SEW-Usocome.jpg",1842,714,false],"home-news":["https:\/\/digiworldinstitute.com\/wp-content\/uploads\/2023\/06\/usine-SEW-Usocome-430x242.jpg",430,242,true],"event-list":["https:\/\/digiworldinstitute.com\/wp-content\/uploads\/2023\/06\/usine-SEW-Usocome-260x260.jpg",260,260,true]},"uagb_author_info":{"display_name":"j.fahy@digiworldinstitute.org","author_link":"https:\/\/digiworldinstitute.com\/en\/author\/j-fahydigiworldinstitute-org\/"},"uagb_comment_info":0,"uagb_excerpt":"Jeudi 6 juillet, le Digiworld Institute vous donne rendez-vous \u00e0 Strasbourg \u00e0 la d\u00e9couverte de l\u2019industrie du futur. Une journ\u00e9e unique avec de nombreux acteurs du num\u00e9rique, de l\u2019industrie, des parlementaires fran\u00e7ais et europ\u00e9ens, des \u00e9lus territoriaux\u2026 \u00e0 la hauteur de l\u2019enjeu majeur de la r\u00e9industrialisation pour la comp\u00e9titivit\u00e9 fran\u00e7aise et europ\u00e9enne, au c\u0153ur du&hellip;","post_mailing_queue_ids":[],"_links":{"self":[{"href":"https:\/\/digiworldinstitute.com\/en\/wp-json\/wp\/v2\/posts\/3184","targetHints":{"allow":["GET"]}}],"collection":[{"href":"https:\/\/digiworldinstitute.com\/en\/wp-json\/wp\/v2\/posts"}],"about":[{"href":"https:\/\/digiworldinstitute.com\/en\/wp-json\/wp\/v2\/types\/post"}],"author":[{"embeddable":true,"href":"https:\/\/digiworldinstitute.com\/en\/wp-json\/wp\/v2\/users\/7"}],"replies":[{"embeddable":true,"href":"https:\/\/digiworldinstitute.com\/en\/wp-json\/wp\/v2\/comments?post=3184"}],"version-history":[{"count":8,"href":"https:\/\/digiworldinstitute.com\/en\/wp-json\/wp\/v2\/posts\/3184\/revisions"}],"predecessor-version":[{"id":3213,"href":"https:\/\/digiworldinstitute.com\/en\/wp-json\/wp\/v2\/posts\/3184\/revisions\/3213"}],"wp:featuredmedia":[{"embeddable":true,"href":"https:\/\/digiworldinstitute.com\/en\/wp-json\/wp\/v2\/media\/3186"}],"wp:attachment":[{"href":"https:\/\/digiworldinstitute.com\/en\/wp-json\/wp\/v2\/media?parent=3184"}],"wp:term":[{"taxonomy":"category","embeddable":true,"href":"https:\/\/digiworldinstitute.com\/en\/wp-json\/wp\/v2\/categories?post=3184"},{"taxonomy":"post_tag","embeddable":true,"href":"https:\/\/digiworldinstitute.com\/en\/wp-json\/wp\/v2\/tags?post=3184"}],"curies":[{"name":"wp","href":"https:\/\/api.w.org\/{rel}","templated":true}]}}